{"id":2272,"date":"2025-03-02T23:28:06","date_gmt":"2025-03-03T02:28:06","guid":{"rendered":"https:\/\/camposenentrerios.com\/?p=2272"},"modified":"2025-03-03T15:42:35","modified_gmt":"2025-03-03T18:42:35","slug":"abel-pintos-revolucion-agroecologica-e-mendoza","status":"publish","type":"post","link":"https:\/\/camposenentrerios.com\/en\/abel-pintos-revolucion-agroecologica-e-mendoza\/","title":{"rendered":"Abel Pintos and his Agroecological Revolution in Mendoza"},"content":{"rendered":"<div id=\"bsf_rt_marker\"><\/div>\n<p>The renowned Argentine artist <strong>Abel Pintos<\/strong> is making people talk, but this time it&#039;s not for his music. His foray into the agricultural world takes a new direction with an ambitious project <strong>Lavalle, Mendoza<\/strong>, where sustainability and technological innovation are the protagonists.<\/p>\n\n\n\n<p>Together with agricultural engineer Fernando Lapolla, they are promoting an initiative that promises to transform the regional fruit sector.<\/p>\n\n\n\n<figure class=\"wp-block-image size-large\"><img loading=\"lazy\" decoding=\"async\" width=\"1024\" height=\"584\" src=\"https:\/\/camposenentrerios.com\/wp-content\/uploads\/2025\/02\/abel-pintos--1024x584.webp\" alt=\"Abel Pintos Invierte en Mendoza\" class=\"wp-image-1442\" srcset=\"https:\/\/camposenentrerios.com\/wp-content\/uploads\/2025\/02\/abel-pintos--1024x584.webp 1024w, https:\/\/camposenentrerios.com\/wp-content\/uploads\/2025\/02\/abel-pintos--300x171.webp 300w, https:\/\/camposenentrerios.com\/wp-content\/uploads\/2025\/02\/abel-pintos--600x342.webp 600w, https:\/\/camposenentrerios.com\/wp-content\/uploads\/2025\/02\/abel-pintos--768x438.webp 768w, https:\/\/camposenentrerios.com\/wp-content\/uploads\/2025\/02\/abel-pintos-.webp 1200w\" sizes=\"auto, (max-width: 1024px) 100vw, 1024px\" \/><\/figure>\n\n\n\n<div class=\"wp-block-group\"><div class=\"wp-block-group__inner-container is-layout-constrained wp-block-group-is-layout-constrained\"><div class=\"heateor_sss_sharing_container heateor_sss_horizontal_sharing\" data-heateor-ss-offset=\"0\" data-heateor-sss-href='https:\/\/camposenentrerios.com\/en\/abel-pintos-revolucion-agroecologica-e-mendoza\/'><div class=\"heateor_sss_sharing_title\" style=\"font-weight:bold\">Share this News<\/div><div class=\"heateor_sss_sharing_ul\"><a aria-label=\"Facebook\" class=\"heateor_sss_facebook\" href=\"https:\/\/www.facebook.com\/sharer\/sharer.php?u=https%3A%2F%2Fcamposenentrerios.com%2Fen%2Fabel-pintos-revolucion-agroecologica-e-mendoza%2F\" title=\"Facebook\" rel=\"nofollow noopener\" target=\"_blank\" style=\"font-size:32px!important;box-shadow:none;display:inline-block;vertical-align:middle\"><span class=\"heateor_sss_svg\" style=\"background-color:#0765FE;width:35px;height:35px;border-radius:999px;display:inline-block;opacity:1;float:left;font-size:32px;box-shadow:none;display:inline-block;font-size:16px;padding:0 4px;vertical-align:middle;background-repeat:repeat;overflow:hidden;padding:0;cursor:pointer;box-sizing:content-box\"><svg style=\"display:block;border-radius:999px;\" focusable=\"false\" aria-hidden=\"true\" xmlns=\"http:\/\/www.w3.org\/2000\/svg\" width=\"100%\" height=\"100%\" viewbox=\"0 0 32 32\"><path fill=\"#fff\" d=\"M28 16c0-6.627-5.373-12-12-12S4 9.373 4 16c0 5.628 3.875 10.35 9.101 11.647v-7.98h-2.474V16H13.1v-1.58c0-4.085 1.849-5.978 5.859-5.978.76 0 2.072.15 2.608.298v3.325c-.283-.03-.775-.045-1.386-.045-1.967 0-2.728.745-2.728 2.683V16h3.92l-.673 3.667h-3.247v8.245C23.395 27.195 28 22.135 28 16Z\"><\/path><\/svg><\/span><\/a><a aria-label=\"X\" class=\"heateor_sss_button_x\" href=\"https:\/\/twitter.com\/intent\/tweet?text=Abel%20Pintos%20y%20su%20Revoluci%C3%B3n%20Agroecol%C3%B3gica%20en%20Mendoza&url=https%3A%2F%2Fcamposenentrerios.com%2Fen%2Fabel-pintos-revolucion-agroecologica-e-mendoza%2F\" title=\"X\" rel=\"nofollow noopener\" target=\"_blank\" style=\"font-size:32px!important;box-shadow:none;display:inline-block;vertical-align:middle\"><span class=\"heateor_sss_svg heateor_sss_s__default heateor_sss_s_x\" style=\"background-color:#2a2a2a;width:35px;height:35px;border-radius:999px;display:inline-block;opacity:1;float:left;font-size:32px;box-shadow:none;display:inline-block;font-size:16px;padding:0 4px;vertical-align:middle;background-repeat:repeat;overflow:hidden;padding:0;cursor:pointer;box-sizing:content-box\"><svg width=\"100%\" height=\"100%\" style=\"display:block;border-radius:999px;\" focusable=\"false\" aria-hidden=\"true\" xmlns=\"http:\/\/www.w3.org\/2000\/svg\" viewbox=\"0 0 32 32\"><path fill=\"#fff\" d=\"M21.751 7h3.067l-6.7 7.658L26 25.078h-6.172l-4.833-6.32-5.531 6.32h-3.07l7.167-8.19L6 7h6.328l4.37 5.777L21.75 7Zm-1.076 16.242h1.7L11.404 8.74H9.58l11.094 14.503Z\"><\/path><\/svg><\/span><\/a><a aria-label=\"Linkedin\" class=\"heateor_sss_button_linkedin\" href=\"https:\/\/www.linkedin.com\/sharing\/share-offsite\/?url=https%3A%2F%2Fcamposenentrerios.com%2Fen%2Fabel-pintos-revolucion-agroecologica-e-mendoza%2F\" title=\"Linkedin\" rel=\"nofollow noopener\" target=\"_blank\" style=\"font-size:32px!important;box-shadow:none;display:inline-block;vertical-align:middle\"><span class=\"heateor_sss_svg heateor_sss_s__default heateor_sss_s_linkedin\" style=\"background-color:#0077b5;width:35px;height:35px;border-radius:999px;display:inline-block;opacity:1;float:left;font-size:32px;box-shadow:none;display:inline-block;font-size:16px;padding:0 4px;vertical-align:middle;background-repeat:repeat;overflow:hidden;padding:0;cursor:pointer;box-sizing:content-box\"><svg style=\"display:block;border-radius:999px;\" focusable=\"false\" aria-hidden=\"true\" xmlns=\"http:\/\/www.w3.org\/2000\/svg\" width=\"100%\" height=\"100%\" viewbox=\"0 0 32 32\"><path d=\"M6.227 12.61h4.19v13.48h-4.19V12.61zm2.095-6.7a2.43 2.43 0 0 1 0 4.86c-1.344 0-2.428-1.09-2.428-2.43s1.084-2.43 2.428-2.43m4.72 6.7h4.02v1.84h.058c.56-1.058 1.927-2.176 3.965-2.176 4.238 0 5.02 2.792 5.02 6.42v7.395h-4.183v-6.56c0-1.564-.03-3.574-2.178-3.574-2.18 0-2.514 1.7-2.514 3.46v6.668h-4.187V12.61z\" fill=\"#fff\"><\/path><\/svg><\/span><\/a><a aria-label=\"WhatsApp\" class=\"heateor_sss_whatsapp\" href=\"https:\/\/api.whatsapp.com\/send?text=Abel%20Pintos%20y%20su%20Revoluci%C3%B3n%20Agroecol%C3%B3gica%20en%20Mendoza%20https%3A%2F%2Fcamposenentrerios.com%2Fen%2Fabel-pintos-revolucion-agroecologica-e-mendoza%2F\" title=\"WhatsApp\" rel=\"nofollow noopener\" target=\"_blank\" style=\"font-size:32px!important;box-shadow:none;display:inline-block;vertical-align:middle\"><span class=\"heateor_sss_svg\" style=\"background-color:#55eb4c;width:35px;height:35px;border-radius:999px;display:inline-block;opacity:1;float:left;font-size:32px;box-shadow:none;display:inline-block;font-size:16px;padding:0 4px;vertical-align:middle;background-repeat:repeat;overflow:hidden;padding:0;cursor:pointer;box-sizing:content-box\"><svg style=\"display:block;border-radius:999px;\" focusable=\"false\" aria-hidden=\"true\" xmlns=\"http:\/\/www.w3.org\/2000\/svg\" width=\"100%\" height=\"100%\" viewbox=\"-6 -5 40 40\"><path class=\"heateor_sss_svg_stroke heateor_sss_no_fill\" stroke=\"#fff\" stroke-width=\"2\" fill=\"none\" d=\"M 11.579798566743314 24.396926207859085 A 10 10 0 1 0 6.808479557110079 20.73576436351046\"><\/path><path d=\"M 7 19 l -1 6 l 6 -1\" class=\"heateor_sss_no_fill heateor_sss_svg_stroke\" stroke=\"#fff\" stroke-width=\"2\" fill=\"none\"><\/path><path d=\"M 10 10 q -1 8 8 11 c 5 -1 0 -6 -1 -3 q -4 -3 -5 -5 c 4 -2 -1 -5 -1 -4\" fill=\"#fff\"><\/path><\/svg><\/span><\/a><a aria-label=\"E-mail\" class=\"heateor_sss_email\" href=\"https:\/\/camposenentrerios.com\/en\/abel-pintos-revolucion-agroecologica-e-mendoza\/\" onclick=\"event.preventDefault();window.open('mailto:?subject=' + decodeURIComponent('Abel%20Pintos%20y%20su%20Revoluci%C3%B3n%20Agroecol%C3%B3gica%20en%20Mendoza').replace('&', '%26') + '&body=https%3A%2F%2Fcamposenentrerios.com%2Fen%2Fabel-pintos-revolucion-agroecologica-e-mendoza%2F', '_blank')\" title=\"E-mail\" rel=\"noopener\" style=\"font-size:32px!important;box-shadow:none;display:inline-block;vertical-align:middle\"><span class=\"heateor_sss_svg\" style=\"background-color:#649a3f;width:35px;height:35px;border-radius:999px;display:inline-block;opacity:1;float:left;font-size:32px;box-shadow:none;display:inline-block;font-size:16px;padding:0 4px;vertical-align:middle;background-repeat:repeat;overflow:hidden;padding:0;cursor:pointer;box-sizing:content-box\"><svg style=\"display:block;border-radius:999px;\" focusable=\"false\" aria-hidden=\"true\" xmlns=\"http:\/\/www.w3.org\/2000\/svg\" width=\"100%\" height=\"100%\" viewbox=\"-.75 -.5 36 36\"><path d=\"M 5.5 11 h 23 v 1 l -11 6 l -11 -6 v -1 m 0 2 l 11 6 l 11 -6 v 11 h -22 v -11\" stroke-width=\"1\" fill=\"#fff\"><\/path><\/svg><\/span><\/a><\/div><div class=\"heateorSssClear\"><\/div><\/div>\n\n\n\n<div style=\"height:23px\" aria-hidden=\"true\" class=\"wp-block-spacer\"><\/div>\n<\/div><\/div>\n\n\n\n<h3 class=\"wp-block-heading\"><strong>A Field with a Vision for the Future: 93 Hectares for Strategic Crops<\/strong><\/h3>\n\n\n\n<p>The new venture encompasses&nbsp;<strong>93 hectares for the production of pistachios and olive trees<\/strong>, taking advantage of the privileged climatic conditions of the Cuyo region. As Lapolla explained in an interview with CNN Radio, this territory offers unique agronomic characteristics that make it the ideal place for these long-cycle crops.<\/p>\n\n\n\n<p>One of the highlights of the project is the efficient management of water, a scarce but strategic resource in the area. The property has\u00a0<strong>four wells, three of which will be reactivated<\/strong>, and advanced precision irrigation systems will be implemented. <\/p>\n\n\n\n<p>This technology will optimize water use and significantly reduce environmental impact, setting a standard for responsible agricultural practices.<\/p>\n\n\n\n<figure class=\"wp-block-image size-full is-resized\"><img loading=\"lazy\" decoding=\"async\" width=\"620\" height=\"375\" src=\"https:\/\/camposenentrerios.com\/wp-content\/uploads\/2025\/02\/abel_pintos_campo_2025.webp\" alt=\"\" class=\"wp-image-1445\" style=\"width:878px;height:auto\" srcset=\"https:\/\/camposenentrerios.com\/wp-content\/uploads\/2025\/02\/abel_pintos_campo_2025.webp 620w, https:\/\/camposenentrerios.com\/wp-content\/uploads\/2025\/02\/abel_pintos_campo_2025-300x181.webp 300w, https:\/\/camposenentrerios.com\/wp-content\/uploads\/2025\/02\/abel_pintos_campo_2025-600x363.webp 600w\" sizes=\"auto, (max-width: 620px) 100vw, 620px\" \/><\/figure>\n\n\n\n<h3 class=\"wp-block-heading\"><strong>What makes this project unique? Sustainability, Technology and Community<\/strong><\/h3>\n\n\n\n<p>Under the name of&nbsp;<strong>\u201cThe Cuyana Matera\u201d<\/strong>This field not only seeks to produce high-quality food, but also to generate a comprehensive productive ecosystem. Lapolla highlighted that the objective is to replicate the success of the model already implemented in \u201cLa Matera\u201d in Mercedes, Buenos Aires, where pecan production has proven to be sustainable and profitable.<\/p>\n\n\n\n<p>This new project includes key collaborations with local institutions such as the&nbsp;<strong>University of San Juan<\/strong>&nbsp;and regional nurseries. In addition, a&nbsp;<strong>school field in conjunction with John Deere<\/strong>, where producers and students can train in modern cultivation techniques and efficient management of natural resources.<\/p>\n\n\n\n<blockquote class=\"wp-block-quote is-layout-flow wp-block-quote-is-layout-flow\">\n<p class=\"has-neve-link-hover-color-color has-text-color has-link-color wp-elements-73089ca1527996e7a4bafbc967c11340\">In Lapolla&#039;s own words:&nbsp;<em>\u201cWe think of fruit farming as a way of rooting people in their communities. These are crops that transcend generations and generate lasting value.\u201d<\/em><\/p>\n<\/blockquote>\n\n\n\n<h3 class=\"wp-block-heading\"><strong>Renewable Energy and Recovery of Agricultural Heritage<\/strong><\/h3>\n\n\n\n<p>The environmental commitment of \u201cLa Matera Cuyana\u201d goes beyond the efficient use of water. The team plans to install&nbsp;<strong>Solar panels in partnership with Dynamic Energy<\/strong>, which will allow agricultural operations to be supplied with renewable energy and reduce the carbon footprint of the enterprise.<\/p>\n\n\n\n<figure class=\"wp-block-embed is-type-video is-provider-youtube wp-block-embed-youtube wp-embed-aspect-16-9 wp-has-aspect-ratio\"><div class=\"wp-block-embed__wrapper\">\n<div class=\"nv-iframe-embed\"><iframe loading=\"lazy\" title=\"Photovoltaic System Installation - La Matera Establishment - Mercedes Prov. Bs As.\" width=\"1200\" height=\"675\" src=\"https:\/\/www.youtube.com\/embed\/ROLG5Wh3-p4?start=2&#038;feature=oembed\" frameborder=\"0\" allow=\"accelerometer; autoplay; clipboard-write; encrypted-media; gyroscope; picture-in-picture; web-share\" referrerpolicy=\"strict-origin-when-cross-origin\" allowfullscreen><\/iframe><\/div>\n<\/div><\/figure>\n\n\n\n<p>Another highlight is the recovery of abandoned olive trees that already existed on the property.&nbsp;<em>\u201cWe want to preserve the history of the place and give a second life to those trees,\u201d<\/em>&nbsp;Lapolla said. This approach reflects a deep respect for agricultural heritage and the natural environment.<\/p>\n\n\n\n<h3 class=\"wp-block-heading\"><strong>The Legacy Continues: The Success of \u201cLa Matera\u201d in Mercedes<\/strong><\/h3>\n\n\n\n<p>While this new project in Mendoza is moving forward, the initial venture in Mercedes continues to consolidate. Despite climatic challenges, such as the recent drought, pecan production is proceeding as planned.&nbsp;<em>\u201cThis year we will finish planting the projected 100 hectares and strengthen our Pecanito Argentino brand,\u201d<\/em>&nbsp;Lapolla assured.<\/p>\n\n\n\n<p>In addition, they are working on strategies to expand their presence in both national and international markets, adding value to local production and positioning Argentina as a relevant player in the nuts industry.<\/p>\n\n\n\n<h3 class=\"wp-block-heading\"><strong>Abel Pintos: The Artist Who Swapped the Microphone for the Straw Hat<\/strong><\/h3>\n\n\n\n<p>Abel Pintos&#039; involvement in this project goes beyond a financial investment. According to Lapolla, the singer shows a genuine interest in biology and rural development.&nbsp;<em>\u201cHe loves to roam the countryside, ask questions and learn. I see him in the future trading his white hat for a straw one,\u201d<\/em>&nbsp;he commented with a laugh.<\/p>\n\n\n<div class=\"wp-block-image\">\n<figure class=\"aligncenter size-full\"><img loading=\"lazy\" decoding=\"async\" width=\"1023\" height=\"576\" src=\"https:\/\/camposenentrerios.com\/wp-content\/uploads\/2025\/02\/Abel-pintos-microfono-sombrero-de-paja.webp\" alt=\"Abel Pintos: El Artista que Cambi\u00f3 el Micr\u00f3fono por el Sombrero de Paja\" class=\"wp-image-1454\" srcset=\"https:\/\/camposenentrerios.com\/wp-content\/uploads\/2025\/02\/Abel-pintos-microfono-sombrero-de-paja.webp 1023w, https:\/\/camposenentrerios.com\/wp-content\/uploads\/2025\/02\/Abel-pintos-microfono-sombrero-de-paja-300x169.webp 300w, https:\/\/camposenentrerios.com\/wp-content\/uploads\/2025\/02\/Abel-pintos-microfono-sombrero-de-paja-600x338.webp 600w, https:\/\/camposenentrerios.com\/wp-content\/uploads\/2025\/02\/Abel-pintos-microfono-sombrero-de-paja-768x432.webp 768w\" sizes=\"auto, (max-width: 1023px) 100vw, 1023px\" \/><figcaption class=\"wp-element-caption\"><em>Image created by Grok, xAI. Abel Pintos: The Artist Who Swapped the Microphone for the Straw Hat<\/em><\/figcaption><\/figure>\n<\/div>\n\n\n<p>Pintos has expressed his desire to generate a positive impact in rural communities through sustainable projects such as this one. His vision aligned with social and environmental responsibility reinforces the purpose of \u201cLa Matera Cuyana\u201d.<\/p>\n\n\n\n<h3 class=\"wp-block-heading\"><strong>A New Era for Argentine Agriculture<\/strong><\/h3>\n\n\n\n<p>The project by Abel Pintos and Fernando Lapolla in Mendoza represents a bold commitment to&nbsp;<strong>Innovation, education and sustainability<\/strong>&nbsp;in the agricultural sector. With a strategy that combines cutting-edge technology, professional training and environmental care, they seek to leave a lasting mark on the Cuyo region.<\/p>\n\n\n\n<p>This initiative not only promotes the development of new regional economies, but also demonstrates that it is possible to produce quality food without compromising natural resources. Without a doubt,&nbsp;<strong>\u201cThe Cuyana Matera\u201d<\/strong>&nbsp;It is an inspiring example for Argentine agriculture.<\/p>\n\n\n\n<p><strong>Would you like to know more about how this type of project can transform your region? Leave us your comments!<\/strong><\/p>\n\n\n\n<div class=\"wp-block-group\"><div class=\"wp-block-group__inner-container is-layout-constrained wp-block-group-is-layout-constrained\">\n<div class=\"wp-block-group\"><div class=\"wp-block-group__inner-container is-layout-constrained wp-block-group-is-layout-constrained\">\n<div class=\"wp-block-group is-nowrap is-layout-flex wp-container-core-group-is-layout-ad2f72ca wp-block-group-is-layout-flex\"><div class=\"wp-block-avatar\"><a href=\"https:\/\/camposenentrerios.com\/en\/author\/noticias-del-campo\/\" target=\"_self\"  class=\"wp-block-avatar__link\"><img alt='Noticias del Campo Avatar' src='https:\/\/secure.gravatar.com\/avatar\/4144c35e8338e935b749f812a16d30d5269aa5f28259d32cf8aeb518c8ba94c9?s=96&#038;r=g' srcset='https:\/\/secure.gravatar.com\/avatar\/4144c35e8338e935b749f812a16d30d5269aa5f28259d32cf8aeb518c8ba94c9?s=192&#038;r=g 2x' class='avatar avatar-96 photo wp-block-avatar__image' height='96' width='96' \/><\/a><\/div>\n\n\n<p class=\"has-neve-text-color-color has-text-color has-link-color has-cardo-font-family wp-elements-e89ef29cc88c0005331ff3a18cacc8a6\"><strong>By<\/strong><\/p>\n\n\n\n<p class=\"has-text-color has-link-color has-cardo-font-family wp-elements-40e872571a11cc784e216b02c19f15b4\" style=\"color:#92825f\"><strong>Fields in Entre Rios<\/strong><\/p>\n\n\n\n<p>|<\/p>\n\n\n\n<p><a href=\"https:\/\/camposenentrerios.com\/en\/noticias-del-campo\/\">News from the Field<\/a><\/p>\n<\/div>\n<\/div><\/div>\n<\/div><\/div>\n\n\n\n<div style=\"height:18px;width:0px\" aria-hidden=\"true\" class=\"wp-block-spacer\"><\/div>\n\n\n\n<p><\/p>","protected":false},"excerpt":{"rendered":"<p>The renowned Argentine artist Abel Pintos is making headlines, but this time it&#039;s not for his music. His foray into the agricultural world is taking a new turn with an ambitious project in Lavalle, Mendoza, where sustainability and technological innovation take center stage. Together with agronomist Fernando Lapolla, he is spearheading an initiative that\u2026&nbsp;<a href=\"https:\/\/camposenentrerios.com\/en\/abel-pintos-revolucion-agroecologica-e-mendoza\/\" rel=\"bookmark\">Read More \u00bb<span class=\"screen-reader-text\">Abel Pintos and his Agroecological Revolution in Mendoza<\/span><\/a><\/p>","protected":false},"author":3,"featured_media":1454,"comment_status":"open","ping_status":"closed","sticky":false,"template":"","format":"standard","meta":{"_uag_custom_page_level_css":"","neve_meta_sidebar":"","neve_meta_container":"","neve_meta_enable_content_width":"","neve_meta_content_width":0,"neve_meta_title_alignment":"","neve_meta_author_avatar":"","neve_post_elements_order":"","neve_meta_disable_header":"","neve_meta_disable_footer":"","neve_meta_disable_title":"","_themeisle_gutenberg_block_has_review":false,"footnotes":""},"categories":[30],"tags":[37],"class_list":["post-2272","post","type-post","status-publish","format-standard","has-post-thumbnail","hentry","category-economia-regional","tag-mendoza"],"yoast_head":"<!-- This site is optimized with the Yoast SEO plugin v27.4 - https:\/\/yoast.com\/product\/yoast-seo-wordpress\/ -->\n<title>\ud83c\udfa4 Abel Pintos y su Revoluci\u00f3n Agroecol\u00f3gica en Mendoza - Campos en Entre Rios<\/title>\n<meta name=\"robots\" content=\"index, follow, max-snippet:-1, max-image-preview:large, max-video-preview:-1\" \/>\n<link rel=\"canonical\" href=\"https:\/\/camposenentrerios.com\/en\/abel-pintos-revolucion-agroecologica-e-mendoza\/\" \/>\n<meta property=\"og:locale\" content=\"en_US\" \/>\n<meta property=\"og:type\" content=\"article\" \/>\n<meta property=\"og:title\" content=\"\ud83c\udfa4 Abel Pintos y su Revoluci\u00f3n Agroecol\u00f3gica en Mendoza - Campos en Entre Rios\" \/>\n<meta property=\"og:description\" content=\"El reconocido artista argentino Abel Pintos est\u00e1 dando que hablar, pero esta vez no es por su m\u00fasica. Su incursi\u00f3n en el mundo agropecuario toma un nuevo rumbo con un ambicioso proyecto en Lavalle, Mendoza, donde la sustentabilidad y la innovaci\u00f3n tecnol\u00f3gica son los protagonistas. Junto al ingeniero agr\u00f3nomo Fernando Lapolla, impulsan una iniciativa que&hellip;&nbsp;Read More &raquo;Abel Pintos y su Revoluci\u00f3n Agroecol\u00f3gica en Mendoza\" \/>\n<meta property=\"og:url\" content=\"https:\/\/camposenentrerios.com\/en\/abel-pintos-revolucion-agroecologica-e-mendoza\/\" \/>\n<meta property=\"og:site_name\" content=\"Campos en Entre Rios\" \/>\n<meta property=\"article:publisher\" content=\"https:\/\/www.facebook.com\/camposenentrerios\/\" \/>\n<meta property=\"article:published_time\" content=\"2025-03-03T02:28:06+00:00\" \/>\n<meta property=\"article:modified_time\" content=\"2025-03-03T18:42:35+00:00\" \/>\n<meta property=\"og:image\" content=\"https:\/\/camposenentrerios.com\/wp-content\/uploads\/2025\/02\/Abel-pintos-microfono-sombrero-de-paja.webp\" \/>\n\t<meta property=\"og:image:width\" content=\"1023\" \/>\n\t<meta property=\"og:image:height\" content=\"576\" \/>\n\t<meta property=\"og:image:type\" content=\"image\/webp\" \/>\n<meta name=\"author\" content=\"Noticias del Campo\" \/>\n<meta name=\"twitter:card\" content=\"summary_large_image\" \/>\n<meta name=\"twitter:label1\" content=\"Written by\" \/>\n\t<meta name=\"twitter:data1\" content=\"Noticias del Campo\" \/>\n\t<meta name=\"twitter:label2\" content=\"Est. reading time\" \/>\n\t<meta name=\"twitter:data2\" content=\"12 minutes\" \/>\n<script type=\"application\/ld+json\" class=\"yoast-schema-graph\">{\"@context\":\"https:\\\/\\\/schema.org\",\"@graph\":[{\"@type\":\"Article\",\"@id\":\"https:\\\/\\\/camposenentrerios.com\\\/abel-pintos-revolucion-agroecologica-e-mendoza\\\/#article\",\"isPartOf\":{\"@id\":\"https:\\\/\\\/camposenentrerios.com\\\/abel-pintos-revolucion-agroecologica-e-mendoza\\\/\"},\"author\":{\"name\":\"Noticias del Campo\",\"@id\":\"https:\\\/\\\/camposenentrerios.com\\\/#\\\/schema\\\/person\\\/5fade47f1ada92a01b1f37fb2912b2ba\"},\"headline\":\"Abel Pintos y su Revoluci\u00f3n Agroecol\u00f3gica en Mendoza\",\"datePublished\":\"2025-03-03T02:28:06+00:00\",\"dateModified\":\"2025-03-03T18:42:35+00:00\",\"mainEntityOfPage\":{\"@id\":\"https:\\\/\\\/camposenentrerios.com\\\/abel-pintos-revolucion-agroecologica-e-mendoza\\\/\"},\"wordCount\":865,\"commentCount\":0,\"publisher\":{\"@id\":\"https:\\\/\\\/camposenentrerios.com\\\/#organization\"},\"image\":{\"@id\":\"https:\\\/\\\/camposenentrerios.com\\\/abel-pintos-revolucion-agroecologica-e-mendoza\\\/#primaryimage\"},\"thumbnailUrl\":\"https:\\\/\\\/camposenentrerios.com\\\/wp-content\\\/uploads\\\/2025\\\/02\\\/Abel-pintos-microfono-sombrero-de-paja.webp\",\"keywords\":[\"Mendoza\"],\"articleSection\":[\"Economia Regional\"],\"inLanguage\":\"en-US\",\"potentialAction\":[{\"@type\":\"CommentAction\",\"name\":\"Comment\",\"target\":[\"https:\\\/\\\/camposenentrerios.com\\\/abel-pintos-revolucion-agroecologica-e-mendoza\\\/#respond\"]}]},{\"@type\":\"WebPage\",\"@id\":\"https:\\\/\\\/camposenentrerios.com\\\/abel-pintos-revolucion-agroecologica-e-mendoza\\\/\",\"url\":\"https:\\\/\\\/camposenentrerios.com\\\/abel-pintos-revolucion-agroecologica-e-mendoza\\\/\",\"name\":\"\ud83c\udfa4 Abel Pintos y su Revoluci\u00f3n Agroecol\u00f3gica en Mendoza - Campos en Entre Rios\",\"isPartOf\":{\"@id\":\"https:\\\/\\\/camposenentrerios.com\\\/#website\"},\"primaryImageOfPage\":{\"@id\":\"https:\\\/\\\/camposenentrerios.com\\\/abel-pintos-revolucion-agroecologica-e-mendoza\\\/#primaryimage\"},\"image\":{\"@id\":\"https:\\\/\\\/camposenentrerios.com\\\/abel-pintos-revolucion-agroecologica-e-mendoza\\\/#primaryimage\"},\"thumbnailUrl\":\"https:\\\/\\\/camposenentrerios.com\\\/wp-content\\\/uploads\\\/2025\\\/02\\\/Abel-pintos-microfono-sombrero-de-paja.webp\",\"datePublished\":\"2025-03-03T02:28:06+00:00\",\"dateModified\":\"2025-03-03T18:42:35+00:00\",\"breadcrumb\":{\"@id\":\"https:\\\/\\\/camposenentrerios.com\\\/abel-pintos-revolucion-agroecologica-e-mendoza\\\/#breadcrumb\"},\"inLanguage\":\"en-US\",\"potentialAction\":[{\"@type\":\"ReadAction\",\"target\":[\"https:\\\/\\\/camposenentrerios.com\\\/abel-pintos-revolucion-agroecologica-e-mendoza\\\/\"]}]},{\"@type\":\"ImageObject\",\"inLanguage\":\"en-US\",\"@id\":\"https:\\\/\\\/camposenentrerios.com\\\/abel-pintos-revolucion-agroecologica-e-mendoza\\\/#primaryimage\",\"url\":\"https:\\\/\\\/camposenentrerios.com\\\/wp-content\\\/uploads\\\/2025\\\/02\\\/Abel-pintos-microfono-sombrero-de-paja.webp\",\"contentUrl\":\"https:\\\/\\\/camposenentrerios.com\\\/wp-content\\\/uploads\\\/2025\\\/02\\\/Abel-pintos-microfono-sombrero-de-paja.webp\",\"width\":1023,\"height\":576,\"caption\":\"Abel Pintos: El Artista que Cambi\u00f3 el Micr\u00f3fono por el Sombrero de Paja\"},{\"@type\":\"BreadcrumbList\",\"@id\":\"https:\\\/\\\/camposenentrerios.com\\\/abel-pintos-revolucion-agroecologica-e-mendoza\\\/#breadcrumb\",\"itemListElement\":[{\"@type\":\"ListItem\",\"position\":1,\"name\":\"Inicio\",\"item\":\"https:\\\/\\\/camposenentrerios.com\\\/\"},{\"@type\":\"ListItem\",\"position\":2,\"name\":\"Abel Pintos y su Revoluci\u00f3n Agroecol\u00f3gica en Mendoza\"}]},{\"@type\":\"WebSite\",\"@id\":\"https:\\\/\\\/camposenentrerios.com\\\/#website\",\"url\":\"https:\\\/\\\/camposenentrerios.com\\\/\",\"name\":\"Campos en Entre R\u00edos\u00ae\",\"description\":\"Inmobiliaria rural l\u00edder en Entre R\u00edos. Venta de campos agr\u00edcolas, mixtos y ganaderos. Asesoramiento t\u00e9cnico especializado. Marca Registrada\u00ae con respaldo profesional.\",\"publisher\":{\"@id\":\"https:\\\/\\\/camposenentrerios.com\\\/#organization\"},\"alternateName\":\"Campos en Entre Rios\",\"potentialAction\":[{\"@type\":\"SearchAction\",\"target\":{\"@type\":\"EntryPoint\",\"urlTemplate\":\"https:\\\/\\\/camposenentrerios.com\\\/?s={search_term_string}\"},\"query-input\":{\"@type\":\"PropertyValueSpecification\",\"valueRequired\":true,\"valueName\":\"search_term_string\"}}],\"inLanguage\":\"en-US\"},{\"@type\":\"Organization\",\"@id\":\"https:\\\/\\\/camposenentrerios.com\\\/#organization\",\"name\":\"Campos en Entre R\u00edos\u00ae\",\"alternateName\":\"Campos en Entre Rios\",\"url\":\"https:\\\/\\\/camposenentrerios.com\\\/\",\"logo\":{\"@type\":\"ImageObject\",\"inLanguage\":\"en-US\",\"@id\":\"https:\\\/\\\/camposenentrerios.com\\\/#\\\/schema\\\/logo\\\/image\\\/\",\"url\":\"https:\\\/\\\/camposenentrerios.com\\\/wp-content\\\/uploads\\\/2025\\\/03\\\/Logo-campos-en-entre-rios.webp\",\"contentUrl\":\"https:\\\/\\\/camposenentrerios.com\\\/wp-content\\\/uploads\\\/2025\\\/03\\\/Logo-campos-en-entre-rios.webp\",\"width\":324,\"height\":324,\"caption\":\"Campos en Entre R\u00edos\u00ae\"},\"image\":{\"@id\":\"https:\\\/\\\/camposenentrerios.com\\\/#\\\/schema\\\/logo\\\/image\\\/\"},\"sameAs\":[\"https:\\\/\\\/www.facebook.com\\\/camposenentrerios\\\/\",\"https:\\\/\\\/www.instagram.com\\\/camposenentrerios\\\/\",\"https:\\\/\\\/www.youtube.com\\\/channel\\\/UCg91gblU8Pwy_BNg8pqmDmQ\",\"https:\\\/\\\/www.tiktok.com\\\/@camposenentrerios\"]},{\"@type\":\"Person\",\"@id\":\"https:\\\/\\\/camposenentrerios.com\\\/#\\\/schema\\\/person\\\/5fade47f1ada92a01b1f37fb2912b2ba\",\"name\":\"Noticias del Campo\",\"image\":{\"@type\":\"ImageObject\",\"inLanguage\":\"en-US\",\"@id\":\"https:\\\/\\\/secure.gravatar.com\\\/avatar\\\/4144c35e8338e935b749f812a16d30d5269aa5f28259d32cf8aeb518c8ba94c9?s=96&r=g\",\"url\":\"https:\\\/\\\/secure.gravatar.com\\\/avatar\\\/4144c35e8338e935b749f812a16d30d5269aa5f28259d32cf8aeb518c8ba94c9?s=96&r=g\",\"contentUrl\":\"https:\\\/\\\/secure.gravatar.com\\\/avatar\\\/4144c35e8338e935b749f812a16d30d5269aa5f28259d32cf8aeb518c8ba94c9?s=96&r=g\",\"caption\":\"Noticias del Campo\"},\"url\":\"https:\\\/\\\/camposenentrerios.com\\\/en\\\/author\\\/noticias-del-campo\\\/\"}]}<\/script>\n<!-- \/ Yoast SEO plugin. -->","yoast_head_json":{"title":"\ud83c\udfa4 Abel Pintos and his Agroecological Revolution in Mendoza - Fields in Entre Rios","robots":{"index":"index","follow":"follow","max-snippet":"max-snippet:-1","max-image-preview":"max-image-preview:large","max-video-preview":"max-video-preview:-1"},"canonical":"https:\/\/camposenentrerios.com\/en\/abel-pintos-revolucion-agroecologica-e-mendoza\/","og_locale":"en_US","og_type":"article","og_title":"\ud83c\udfa4 Abel Pintos y su Revoluci\u00f3n Agroecol\u00f3gica en Mendoza - Campos en Entre Rios","og_description":"El reconocido artista argentino Abel Pintos est\u00e1 dando que hablar, pero esta vez no es por su m\u00fasica. Su incursi\u00f3n en el mundo agropecuario toma un nuevo rumbo con un ambicioso proyecto en Lavalle, Mendoza, donde la sustentabilidad y la innovaci\u00f3n tecnol\u00f3gica son los protagonistas. Junto al ingeniero agr\u00f3nomo Fernando Lapolla, impulsan una iniciativa que&hellip;&nbsp;Read More &raquo;Abel Pintos y su Revoluci\u00f3n Agroecol\u00f3gica en Mendoza","og_url":"https:\/\/camposenentrerios.com\/en\/abel-pintos-revolucion-agroecologica-e-mendoza\/","og_site_name":"Campos en Entre Rios","article_publisher":"https:\/\/www.facebook.com\/camposenentrerios\/","article_published_time":"2025-03-03T02:28:06+00:00","article_modified_time":"2025-03-03T18:42:35+00:00","og_image":[{"width":1023,"height":576,"url":"https:\/\/camposenentrerios.com\/wp-content\/uploads\/2025\/02\/Abel-pintos-microfono-sombrero-de-paja.webp","type":"image\/webp"}],"author":"Noticias del Campo","twitter_card":"summary_large_image","twitter_misc":{"Written by":"Noticias del Campo","Est. reading time":"12 minutes"},"schema":{"@context":"https:\/\/schema.org","@graph":[{"@type":"Article","@id":"https:\/\/camposenentrerios.com\/abel-pintos-revolucion-agroecologica-e-mendoza\/#article","isPartOf":{"@id":"https:\/\/camposenentrerios.com\/abel-pintos-revolucion-agroecologica-e-mendoza\/"},"author":{"name":"Noticias del Campo","@id":"https:\/\/camposenentrerios.com\/#\/schema\/person\/5fade47f1ada92a01b1f37fb2912b2ba"},"headline":"Abel Pintos y su Revoluci\u00f3n Agroecol\u00f3gica en Mendoza","datePublished":"2025-03-03T02:28:06+00:00","dateModified":"2025-03-03T18:42:35+00:00","mainEntityOfPage":{"@id":"https:\/\/camposenentrerios.com\/abel-pintos-revolucion-agroecologica-e-mendoza\/"},"wordCount":865,"commentCount":0,"publisher":{"@id":"https:\/\/camposenentrerios.com\/#organization"},"image":{"@id":"https:\/\/camposenentrerios.com\/abel-pintos-revolucion-agroecologica-e-mendoza\/#primaryimage"},"thumbnailUrl":"https:\/\/camposenentrerios.com\/wp-content\/uploads\/2025\/02\/Abel-pintos-microfono-sombrero-de-paja.webp","keywords":["Mendoza"],"articleSection":["Economia Regional"],"inLanguage":"en-US","potentialAction":[{"@type":"CommentAction","name":"Comment","target":["https:\/\/camposenentrerios.com\/abel-pintos-revolucion-agroecologica-e-mendoza\/#respond"]}]},{"@type":"WebPage","@id":"https:\/\/camposenentrerios.com\/abel-pintos-revolucion-agroecologica-e-mendoza\/","url":"https:\/\/camposenentrerios.com\/abel-pintos-revolucion-agroecologica-e-mendoza\/","name":"\ud83c\udfa4 Abel Pintos and his Agroecological Revolution in Mendoza - Fields in Entre Rios","isPartOf":{"@id":"https:\/\/camposenentrerios.com\/#website"},"primaryImageOfPage":{"@id":"https:\/\/camposenentrerios.com\/abel-pintos-revolucion-agroecologica-e-mendoza\/#primaryimage"},"image":{"@id":"https:\/\/camposenentrerios.com\/abel-pintos-revolucion-agroecologica-e-mendoza\/#primaryimage"},"thumbnailUrl":"https:\/\/camposenentrerios.com\/wp-content\/uploads\/2025\/02\/Abel-pintos-microfono-sombrero-de-paja.webp","datePublished":"2025-03-03T02:28:06+00:00","dateModified":"2025-03-03T18:42:35+00:00","breadcrumb":{"@id":"https:\/\/camposenentrerios.com\/abel-pintos-revolucion-agroecologica-e-mendoza\/#breadcrumb"},"inLanguage":"en-US","potentialAction":[{"@type":"ReadAction","target":["https:\/\/camposenentrerios.com\/abel-pintos-revolucion-agroecologica-e-mendoza\/"]}]},{"@type":"ImageObject","inLanguage":"en-US","@id":"https:\/\/camposenentrerios.com\/abel-pintos-revolucion-agroecologica-e-mendoza\/#primaryimage","url":"https:\/\/camposenentrerios.com\/wp-content\/uploads\/2025\/02\/Abel-pintos-microfono-sombrero-de-paja.webp","contentUrl":"https:\/\/camposenentrerios.com\/wp-content\/uploads\/2025\/02\/Abel-pintos-microfono-sombrero-de-paja.webp","width":1023,"height":576,"caption":"Abel Pintos: El Artista que Cambi\u00f3 el Micr\u00f3fono por el Sombrero de Paja"},{"@type":"BreadcrumbList","@id":"https:\/\/camposenentrerios.com\/abel-pintos-revolucion-agroecologica-e-mendoza\/#breadcrumb","itemListElement":[{"@type":"ListItem","position":1,"name":"Inicio","item":"https:\/\/camposenentrerios.com\/"},{"@type":"ListItem","position":2,"name":"Abel Pintos y su Revoluci\u00f3n Agroecol\u00f3gica en Mendoza"}]},{"@type":"WebSite","@id":"https:\/\/camposenentrerios.com\/#website","url":"https:\/\/camposenentrerios.com\/","name":"Fields in Entre R\u00edos\u00ae","description":"Leading rural real estate agency in Entre R\u00edos. Sale of agricultural, mixed-use, and livestock properties. Specialized technical advice. Registered Trademark\u00ae with professional support.","publisher":{"@id":"https:\/\/camposenentrerios.com\/#organization"},"alternateName":"Campos en Entre Rios","potentialAction":[{"@type":"SearchAction","target":{"@type":"EntryPoint","urlTemplate":"https:\/\/camposenentrerios.com\/?s={search_term_string}"},"query-input":{"@type":"PropertyValueSpecification","valueRequired":true,"valueName":"search_term_string"}}],"inLanguage":"en-US"},{"@type":"Organization","@id":"https:\/\/camposenentrerios.com\/#organization","name":"Fields in Entre R\u00edos\u00ae","alternateName":"Campos en Entre Rios","url":"https:\/\/camposenentrerios.com\/","logo":{"@type":"ImageObject","inLanguage":"en-US","@id":"https:\/\/camposenentrerios.com\/#\/schema\/logo\/image\/","url":"https:\/\/camposenentrerios.com\/wp-content\/uploads\/2025\/03\/Logo-campos-en-entre-rios.webp","contentUrl":"https:\/\/camposenentrerios.com\/wp-content\/uploads\/2025\/03\/Logo-campos-en-entre-rios.webp","width":324,"height":324,"caption":"Campos en Entre R\u00edos\u00ae"},"image":{"@id":"https:\/\/camposenentrerios.com\/#\/schema\/logo\/image\/"},"sameAs":["https:\/\/www.facebook.com\/camposenentrerios\/","https:\/\/www.instagram.com\/camposenentrerios\/","https:\/\/www.youtube.com\/channel\/UCg91gblU8Pwy_BNg8pqmDmQ","https:\/\/www.tiktok.com\/@camposenentrerios"]},{"@type":"Person","@id":"https:\/\/camposenentrerios.com\/#\/schema\/person\/5fade47f1ada92a01b1f37fb2912b2ba","name":"News from the Field","image":{"@type":"ImageObject","inLanguage":"en-US","@id":"https:\/\/secure.gravatar.com\/avatar\/4144c35e8338e935b749f812a16d30d5269aa5f28259d32cf8aeb518c8ba94c9?s=96&r=g","url":"https:\/\/secure.gravatar.com\/avatar\/4144c35e8338e935b749f812a16d30d5269aa5f28259d32cf8aeb518c8ba94c9?s=96&r=g","contentUrl":"https:\/\/secure.gravatar.com\/avatar\/4144c35e8338e935b749f812a16d30d5269aa5f28259d32cf8aeb518c8ba94c9?s=96&r=g","caption":"Noticias del Campo"},"url":"https:\/\/camposenentrerios.com\/en\/author\/noticias-del-campo\/"}]}},"uagb_featured_image_src":{"full":["https:\/\/camposenentrerios.com\/wp-content\/uploads\/2025\/02\/Abel-pintos-microfono-sombrero-de-paja.webp",1023,576,false],"thumbnail":["https:\/\/camposenentrerios.com\/wp-content\/uploads\/2025\/02\/Abel-pintos-microfono-sombrero-de-paja-150x150.webp",150,150,true],"medium":["https:\/\/camposenentrerios.com\/wp-content\/uploads\/2025\/02\/Abel-pintos-microfono-sombrero-de-paja-300x169.webp",300,169,true],"medium_large":["https:\/\/camposenentrerios.com\/wp-content\/uploads\/2025\/02\/Abel-pintos-microfono-sombrero-de-paja-768x432.webp",768,432,true],"large":["https:\/\/camposenentrerios.com\/wp-content\/uploads\/2025\/02\/Abel-pintos-microfono-sombrero-de-paja.webp",1023,576,false],"1536x1536":["https:\/\/camposenentrerios.com\/wp-content\/uploads\/2025\/02\/Abel-pintos-microfono-sombrero-de-paja.webp",1023,576,false],"2048x2048":["https:\/\/camposenentrerios.com\/wp-content\/uploads\/2025\/02\/Abel-pintos-microfono-sombrero-de-paja.webp",1023,576,false],"trp-custom-language-flag":["https:\/\/camposenentrerios.com\/wp-content\/uploads\/2025\/02\/Abel-pintos-microfono-sombrero-de-paja.webp",18,10,false],"neve-blog":["https:\/\/camposenentrerios.com\/wp-content\/uploads\/2025\/02\/Abel-pintos-microfono-sombrero-de-paja-930x576.webp",930,576,true],"woocommerce_thumbnail":["https:\/\/camposenentrerios.com\/wp-content\/uploads\/2025\/02\/Abel-pintos-microfono-sombrero-de-paja-300x169.webp",300,169,true],"woocommerce_single":["https:\/\/camposenentrerios.com\/wp-content\/uploads\/2025\/02\/Abel-pintos-microfono-sombrero-de-paja-600x338.webp",600,338,true],"woocommerce_gallery_thumbnail":["https:\/\/camposenentrerios.com\/wp-content\/uploads\/2025\/02\/Abel-pintos-microfono-sombrero-de-paja-100x100.webp",100,100,true]},"uagb_author_info":{"display_name":"Noticias del Campo","author_link":"https:\/\/camposenentrerios.com\/en\/author\/noticias-del-campo\/"},"uagb_comment_info":11,"uagb_excerpt":"El reconocido artista argentino Abel Pintos est\u00e1 dando que hablar, pero esta vez no es por su m\u00fasica. Su incursi\u00f3n en el mundo agropecuario toma un nuevo rumbo con un ambicioso proyecto en Lavalle, Mendoza, donde la sustentabilidad y la innovaci\u00f3n tecnol\u00f3gica son los protagonistas. Junto al ingeniero agr\u00f3nomo Fernando Lapolla, impulsan una iniciativa que&hellip;&nbsp;Read&hellip;","_links":{"self":[{"href":"https:\/\/camposenentrerios.com\/en\/wp-json\/wp\/v2\/posts\/2272","targetHints":{"allow":["GET"]}}],"collection":[{"href":"https:\/\/camposenentrerios.com\/en\/wp-json\/wp\/v2\/posts"}],"about":[{"href":"https:\/\/camposenentrerios.com\/en\/wp-json\/wp\/v2\/types\/post"}],"author":[{"embeddable":true,"href":"https:\/\/camposenentrerios.com\/en\/wp-json\/wp\/v2\/users\/3"}],"replies":[{"embeddable":true,"href":"https:\/\/camposenentrerios.com\/en\/wp-json\/wp\/v2\/comments?post=2272"}],"version-history":[{"count":15,"href":"https:\/\/camposenentrerios.com\/en\/wp-json\/wp\/v2\/posts\/2272\/revisions"}],"predecessor-version":[{"id":2288,"href":"https:\/\/camposenentrerios.com\/en\/wp-json\/wp\/v2\/posts\/2272\/revisions\/2288"}],"wp:featuredmedia":[{"embeddable":true,"href":"https:\/\/camposenentrerios.com\/en\/wp-json\/wp\/v2\/media\/1454"}],"wp:attachment":[{"href":"https:\/\/camposenentrerios.com\/en\/wp-json\/wp\/v2\/media?parent=2272"}],"wp:term":[{"taxonomy":"category","embeddable":true,"href":"https:\/\/camposenentrerios.com\/en\/wp-json\/wp\/v2\/categories?post=2272"},{"taxonomy":"post_tag","embeddable":true,"href":"https:\/\/camposenentrerios.com\/en\/wp-json\/wp\/v2\/tags?post=2272"}],"curies":[{"name":"wp","href":"https:\/\/api.w.org\/{rel}","templated":true}]}}